{"id":392,"date":"2021-11-30T12:09:15","date_gmt":"2021-11-30T11:09:15","guid":{"rendered":"http:\/\/www.chs-yonne.fr\/girard-de-roussillon\/?p=392"},"modified":"2022-01-14T11:42:18","modified_gmt":"2022-01-14T10:42:18","slug":"les-elections-du-conseil-de-la-vie-sociale-de-la-residence-girard-de-roussillon","status":"publish","type":"post","link":"https:\/\/www.chs-yonne.fr\/girard-de-roussillon\/2021\/11\/30\/les-elections-du-conseil-de-la-vie-sociale-de-la-residence-girard-de-roussillon\/","title":{"rendered":"Les \u00e9lections du Conseil de la Vie Sociale de la r\u00e9sidence Girard de Roussillon"},"content":{"rendered":"\n<p>Cr\u00e9\u00e9 par la loi du 2 Janvier 2002, le <strong>Conseil de la Vie Sociale (C.V.S)<\/strong> est une instance consultative dans laquelle la place de la repr\u00e9sentation des usagers et de leurs familles et\/ou repr\u00e9sentants l\u00e9gaux est importante.<\/p>\n\n\n\n<p>Au termes de l&rsquo;article D. 311-3 du Code de l&rsquo;Action Sociale et des familles : \u00ab\u00a0<em> Le Conseil de la Vie Sociale est mis en place lorsque l&rsquo;\u00e9tablissement ou le service assure un h\u00e9bergement ou un accueil de jour continu ou une activit\u00e9 d&rsquo;aide par le travail<\/em> \u00ab\u00a0.<\/p>\n\n\n\n<p>La r\u00e9sidence Girard de Roussillon doit renouveler la composition du Conseil de la Vie Sociale.<\/p>\n\n\n\n<p>Cette instance est consult\u00e9e sur l&rsquo;\u00e9laboration ou la modification du r\u00e8glement de fonctionnement et du projet d&rsquo;\u00e9tablissement ou de service. Il donne son avis et peut faire des propositions sur toutes les questions int\u00e9ressant le fonctionnement, notamment :<\/p>\n\n\n\n<ul class=\"wp-block-list\"><li>Organisation int\u00e9rieure de la vie quotidienne,<\/li><li>activit\u00e9s, animations socio-culturelles et services th\u00e9rapeutiques,<\/li><li>projet de travaux et d&rsquo;\u00e9quipement,<\/li><li>nature et prix des services rendus,<\/li><li>affectation des locaux collectifs,<\/li><li>entretien des locaux,<\/li><li>relogement en cas de travaux ou de fermeture,<\/li><li>l&rsquo;animation de la vie institutionnelle et les mesures prises pour favoriser les relations entre les participants, ainsi que les modifications substantielles touchant aux conditions de prise en charge.<\/li><\/ul>\n\n\n\n<p>Le Conseil de la Vie Sociale \u00e9tablit son r\u00e8glement int\u00e9rieur dans lequel sont pr\u00e9cis\u00e9es ses modalit\u00e9s de fonctionnement. Il se r\u00e9unit au moins trois fois par ans sur convocation du pr\u00e9sident ou de son repr\u00e9sentant qui fixe l&rsquo;ordre du jour. Il d\u00e9lib\u00e8re sur les questions \u00e0 l&rsquo;ordre du jour, \u00e0 la majorit\u00e9 de ses membres pr\u00e9sents, ayant voix d\u00e9lib\u00e9rative. Les d\u00e9bats font l\u2019objet d&rsquo;un relev\u00e9 de conclusions comportant les avis et propositions, consign\u00e9 dans un cahier des d\u00e9lib\u00e9rations. Il doit \u00eatre tenu inform\u00e9 lors des s\u00e9ances ult\u00e9rieures des suites r\u00e9serv\u00e9es aux avis ou propositions qu&rsquo;il a pu \u00e9mettre.<\/p>\n\n\n\n<p>Le Conseil de Surveillance avait d\u00e9cid\u00e9 d&rsquo;arr\u00eater par d\u00e9lib\u00e9ration n\u00b0 1.5 du 27 janvier 2006 le nombre des membres du Conseil de la Vie Sociale comme suit :<\/p>\n\n\n\n<ul class=\"wp-block-list\"><li>2 r\u00e9sidents, 2 suppl\u00e9ants<\/li><li>1 repr\u00e9sentant des familles, 1 suppl\u00e9ant<\/li><li>1 repr\u00e9sentant du Conseil de Surveillance, 1 suppl\u00e9ant<\/li><li>1 repr\u00e9sentant du personnel, 1 suppl\u00e9ant<\/li><\/ul>\n\n\n\n<p><strong><em>Les \u00e9lections du Conseil de la Vie Sociale se sont d\u00e9roul\u00e9es le mercredi 15 d\u00e9cembre 2021 \u00e0 10h00 \u00e0 V\u00e9zelay.<\/em><\/strong><\/p>\n\n\n\n<p>12 r\u00e9sidents s&rsquo;\u00e9taient port\u00e9s candidats et ont vot\u00e9 sur place.<\/p>\n\n\n\n<p>2 repr\u00e9sentants de familles ont fait acte de candidature. Ils ont eu la possibilit\u00e9 de voter par correspondance.<\/p>\n","protected":false},"excerpt":{"rendered":"<p>Cr\u00e9\u00e9 par la loi du 2 Janvier 2002, le Conseil de la [&hellip;]<\/p>\n","protected":false},"author":8,"featured_media":0,"comment_status":"open","ping_status":"open","sticky":false,"template":"","format":"standard","meta":{"footnotes":""},"categories":[9],"tags":[],"class_list":["post-392","post","type-post","status-publish","format-standard","hentry","category-actualites"],"_links":{"self":[{"href":"https:\/\/www.chs-yonne.fr\/girard-de-roussillon\/wp-json\/wp\/v2\/posts\/392","targetHints":{"allow":["GET"]}}],"collection":[{"href":"https:\/\/www.chs-yonne.fr\/girard-de-roussillon\/wp-json\/wp\/v2\/posts"}],"about":[{"href":"https:\/\/www.chs-yonne.fr\/girard-de-roussillon\/wp-json\/wp\/v2\/types\/post"}],"author":[{"embeddable":true,"href":"https:\/\/www.chs-yonne.fr\/girard-de-roussillon\/wp-json\/wp\/v2\/users\/8"}],"replies":[{"embeddable":true,"href":"https:\/\/www.chs-yonne.fr\/girard-de-roussillon\/wp-json\/wp\/v2\/comments?post=392"}],"version-history":[{"count":4,"href":"https:\/\/www.chs-yonne.fr\/girard-de-roussillon\/wp-json\/wp\/v2\/posts\/392\/revisions"}],"predecessor-version":[{"id":428,"href":"https:\/\/www.chs-yonne.fr\/girard-de-roussillon\/wp-json\/wp\/v2\/posts\/392\/revisions\/428"}],"wp:attachment":[{"href":"https:\/\/www.chs-yonne.fr\/girard-de-roussillon\/wp-json\/wp\/v2\/media?parent=392"}],"wp:term":[{"taxonomy":"category","embeddable":true,"href":"https:\/\/www.chs-yonne.fr\/girard-de-roussillon\/wp-json\/wp\/v2\/categories?post=392"},{"taxonomy":"post_tag","embeddable":true,"href":"https:\/\/www.chs-yonne.fr\/girard-de-roussillon\/wp-json\/wp\/v2\/tags?post=392"}],"curies":[{"name":"wp","href":"https:\/\/api.w.org\/{rel}","templated":true}]}}